{"id":81,"date":"2024-03-21T14:54:37","date_gmt":"2024-03-21T13:54:37","guid":{"rendered":"https:\/\/derechodeltrabajo.umh.es\/?p=81"},"modified":"2025-11-07T17:29:50","modified_gmt":"2025-11-07T16:29:50","slug":"ideas-basicas-para-navegar-hacia-la-funcion-publica","status":"publish","type":"post","link":"https:\/\/derechodeltrabajo.umh.es\/ca\/2024\/03\/21\/ideas-basicas-para-navegar-hacia-la-funcion-publica\/","title":{"rendered":"IDEAS B\u00c1SICAS PARA NAVEGAR HACIA LA FUNCI\u00d3N P\u00daBLICA. 22\/03\/25"},"content":{"rendered":"<p>[et_pb_section fb_built=&#8221;1&#8243; _builder_version=&#8221;4.17.4&#8243; custom_css_main_element=&#8221;.et_post_meta_wrapper img {||width: auto !important;||height: 300px !important;||||display: block;||margin-left: auto;||margin-right: auto;||}&#8221; global_colors_info=&#8221;{}&#8221;][et_pb_row _builder_version=&#8221;4.17.4&#8243; background_size=&#8221;initial&#8221; background_position=&#8221;top_left&#8221; background_repeat=&#8221;repeat&#8221; custom_css_main_element=&#8221;.et_post_meta_wrapper img {||width: auto !important;||height: 300px !important;||||display: block;||margin-left: auto;||margin-right: auto;||}&#8221; global_colors_info=&#8221;{}&#8221;][et_pb_column type=&#8221;4_4&#8243; _builder_version=&#8221;4.16&#8243; custom_padding=&#8221;|||&#8221; global_colors_info=&#8221;{}&#8221; custom_padding__hover=&#8221;|||&#8221;][et_pb_text _builder_version=&#8221;4.17.4&#8243; background_size=&#8221;initial&#8221; background_position=&#8221;top_left&#8221; background_repeat=&#8221;repeat&#8221; hover_enabled=&#8221;0&#8243; custom_css_main_element=&#8221;.et_post_meta_wrapper img {||width: auto !important;||height: 300px !important;||||display: block;||margin-left: auto;||margin-right: auto;||}&#8221; global_colors_info=&#8221;{}&#8221; sticky_enabled=&#8221;0&#8243;]El \u00e1rea de Derecho del Trabajo y Seguridad Social ha organizado una actividad sobre &#8220;IDEAS B\u00c1SICAS PARA NAVEGAR HACIA LA FUNCI\u00d3N P\u00daBLICA&#8221; el viernes d\u00eda 22 de 17 a 21 horas, en el Aula 2.1 del Edificio Altet de la UMH.<\/p>\n<p>La actividad est\u00e1 enmarcada dentro del M\u00e1ster Universitario en formaci\u00f3n del Profesorado, Eso y Bachillerato, FP y Ense\u00f1anza de Idiomas.<\/p>\n<p><a href=\"https:\/\/derechodeltrabajo.umh.es\/files\/2024\/03\/Cartel-Ma\u0301ster.pptx.jpg\"><img loading=\"lazy\" class=\"aligncenter size-full wp-image-88\" src=\"https:\/\/derechodeltrabajo.umh.es\/files\/2024\/03\/Cartel-Ma\u0301ster.pptx.jpg\" alt=\"\" width=\"320\" height=\"1280\" \/><\/a>[\/et_pb_text][\/et_pb_column][\/et_pb_row][\/et_pb_section]<\/p>","protected":false},"excerpt":{"rendered":"<p>[et_pb_section fb_built=&#8221;1&#8243; _builder_version=&#8221;4.17.4&#8243; custom_css_main_element=&#8221;.et_post_meta_wrapper img {||width: auto !important;||height: 300px !important;||||display: block;||margin-left: auto;||margin-right: auto;||}&#8221; global_colors_info=&#8221;{}&#8221;][et_pb_row _builder_version=&#8221;4.17.4&#8243; background_size=&#8221;initial&#8221; background_position=&#8221;top_left&#8221; background_repeat=&#8221;repeat&#8221; custom_css_main_element=&#8221;.et_post_meta_wrapper img {||width: auto !important;||height: 300px !important;||||display: block;||margin-left: auto;||margin-right: auto;||}&#8221; global_colors_info=&#8221;{}&#8221;][et_pb_column type=&#8221;4_4&#8243; _builder_version=&#8221;4.16&#8243; custom_padding=&#8221;|||&#8221; global_colors_info=&#8221;{}&#8221; custom_padding__hover=&#8221;|||&#8221;][et_pb_text _builder_version=&#8221;4.17.4&#8243; background_size=&#8221;initial&#8221; background_position=&#8221;top_left&#8221; background_repeat=&#8221;repeat&#8221; hover_enabled=&#8221;0&#8243; custom_css_main_element=&#8221;.et_post_meta_wrapper img {||width: auto !important;||height: 300px !important;||||display: block;||margin-left: auto;||margin-right: auto;||}&#8221; global_colors_info=&#8221;{}&#8221; sticky_enabled=&#8221;0&#8243;]El \u00e1rea de Derecho del [&#8230;]<\/p>\n","protected":false},"author":1159,"featured_media":88,"comment_status":"closed","ping_status":"open","sticky":false,"template":"","format":"standard","meta":{"_links_to":"","_links_to_target":""},"categories":[1],"tags":[],"_links":{"self":[{"href":"https:\/\/derechodeltrabajo.umh.es\/ca\/wp-json\/wp\/v2\/posts\/81"}],"collection":[{"href":"https:\/\/derechodeltrabajo.umh.es\/ca\/wp-json\/wp\/v2\/posts"}],"about":[{"href":"https:\/\/derechodeltrabajo.umh.es\/ca\/wp-json\/wp\/v2\/types\/post"}],"author":[{"embeddable":true,"href":"https:\/\/derechodeltrabajo.umh.es\/ca\/wp-json\/wp\/v2\/users\/1159"}],"replies":[{"embeddable":true,"href":"https:\/\/derechodeltrabajo.umh.es\/ca\/wp-json\/wp\/v2\/comments?post=81"}],"version-history":[{"count":0,"href":"https:\/\/derechodeltrabajo.umh.es\/ca\/wp-json\/wp\/v2\/posts\/81\/revisions"}],"wp:featuredmedia":[{"embeddable":true,"href":"https:\/\/derechodeltrabajo.umh.es\/ca\/wp-json\/wp\/v2\/media\/88"}],"wp:attachment":[{"href":"https:\/\/derechodeltrabajo.umh.es\/ca\/wp-json\/wp\/v2\/media?parent=81"}],"wp:term":[{"taxonomy":"category","embeddable":true,"href":"https:\/\/derechodeltrabajo.umh.es\/ca\/wp-json\/wp\/v2\/categories?post=81"},{"taxonomy":"post_tag","embeddable":true,"href":"https:\/\/derechodeltrabajo.umh.es\/ca\/wp-json\/wp\/v2\/tags?post=81"}],"curies":[{"name":"wp","href":"https:\/\/api.w.org\/{rel}","templated":true}]}}