{"id":24,"date":"2013-11-17T15:42:23","date_gmt":"2013-11-17T13:42:23","guid":{"rendered":"http:\/\/derechodeltrabajo.umh.es\/?p=24"},"modified":"2014-10-20T21:48:05","modified_gmt":"2014-10-20T19:48:05","slug":"seminario-permanente-de-actualizacion-juridica","status":"publish","type":"post","link":"https:\/\/derechodeltrabajo.umh.es\/ca\/2013\/11\/17\/seminario-permanente-de-actualizacion-juridica\/","title":{"rendered":"<span lang=\"es\">(Espa\u00f1ol) II SEMINARIO PERMANENTE DE ACTUALIZACI\u00d3N JUR\u00cdDICA<\/span>"},"content":{"rendered":"<p class=\"qtranxs-available-languages-message qtranxs-available-languages-message-ca\">Ho sentim, aquesta entrada es troba disponible \u00fanicament en <a href=\"https:\/\/derechodeltrabajo.umh.es\/es\/wp-json\/wp\/v2\/posts\/24\" class=\"qtranxs-available-language-link qtranxs-available-language-link-es\" title=\"Espa\u00f1ol\">Espanyol Europeu<\/a>.<\/p>","protected":false},"excerpt":{"rendered":"<p>Ho sentim, aquesta entrada es troba disponible \u00fanicament en Espanyol Europeu.<\/p>\n","protected":false},"author":1515,"featured_media":0,"comment_status":"closed","ping_status":"open","sticky":false,"template":"","format":"standard","meta":{"_links_to":"","_links_to_target":""},"categories":[1],"tags":[],"_links":{"self":[{"href":"https:\/\/derechodeltrabajo.umh.es\/ca\/wp-json\/wp\/v2\/posts\/24"}],"collection":[{"href":"https:\/\/derechodeltrabajo.umh.es\/ca\/wp-json\/wp\/v2\/posts"}],"about":[{"href":"https:\/\/derechodeltrabajo.umh.es\/ca\/wp-json\/wp\/v2\/types\/post"}],"author":[{"embeddable":true,"href":"https:\/\/derechodeltrabajo.umh.es\/ca\/wp-json\/wp\/v2\/users\/1515"}],"replies":[{"embeddable":true,"href":"https:\/\/derechodeltrabajo.umh.es\/ca\/wp-json\/wp\/v2\/comments?post=24"}],"version-history":[{"count":0,"href":"https:\/\/derechodeltrabajo.umh.es\/ca\/wp-json\/wp\/v2\/posts\/24\/revisions"}],"wp:attachment":[{"href":"https:\/\/derechodeltrabajo.umh.es\/ca\/wp-json\/wp\/v2\/media?parent=24"}],"wp:term":[{"taxonomy":"category","embeddable":true,"href":"https:\/\/derechodeltrabajo.umh.es\/ca\/wp-json\/wp\/v2\/categories?post=24"},{"taxonomy":"post_tag","embeddable":true,"href":"https:\/\/derechodeltrabajo.umh.es\/ca\/wp-json\/wp\/v2\/tags?post=24"}],"curies":[{"name":"wp","href":"https:\/\/api.w.org\/{rel}","templated":true}]}}