{"id":15,"date":"2013-07-01T12:49:05","date_gmt":"2013-07-01T10:49:05","guid":{"rendered":"http:\/\/derechodeltrabajo.umh.es\/2013\/07\/01\/presentacion-web-area-derecho-del-trabajo\/"},"modified":"2013-07-01T12:49:05","modified_gmt":"2013-07-01T10:49:05","slug":"presentacion-web-area-derecho-del-trabajo","status":"publish","type":"post","link":"https:\/\/derechodeltrabajo.umh.es\/ca\/2013\/07\/01\/presentacion-web-area-derecho-del-trabajo\/","title":{"rendered":"<span lang=\"es\">(Espa\u00f1ol) Presentaci\u00f3n web \u00e1rea Derecho del trabajo<\/span>"},"content":{"rendered":"<p class=\"qtranxs-available-languages-message qtranxs-available-languages-message-ca\">Ho sentim, aquesta entrada es troba disponible \u00fanicament en <a href=\"https:\/\/derechodeltrabajo.umh.es\/es\/wp-json\/wp\/v2\/posts\/15\" class=\"qtranxs-available-language-link qtranxs-available-language-link-es\" title=\"Espa\u00f1ol\">Espanyol Europeu<\/a>.<\/p>","protected":false},"excerpt":{"rendered":"<p>Ho sentim, aquesta entrada es troba disponible \u00fanicament en Espanyol Europeu.<\/p>\n","protected":false},"author":1515,"featured_media":0,"comment_status":"closed","ping_status":"open","sticky":false,"template":"","format":"standard","meta":{"_links_to":"","_links_to_target":""},"categories":[1],"tags":[],"_links":{"self":[{"href":"https:\/\/derechodeltrabajo.umh.es\/ca\/wp-json\/wp\/v2\/posts\/15"}],"collection":[{"href":"https:\/\/derechodeltrabajo.umh.es\/ca\/wp-json\/wp\/v2\/posts"}],"about":[{"href":"https:\/\/derechodeltrabajo.umh.es\/ca\/wp-json\/wp\/v2\/types\/post"}],"author":[{"embeddable":true,"href":"https:\/\/derechodeltrabajo.umh.es\/ca\/wp-json\/wp\/v2\/users\/1515"}],"replies":[{"embeddable":true,"href":"https:\/\/derechodeltrabajo.umh.es\/ca\/wp-json\/wp\/v2\/comments?post=15"}],"version-history":[{"count":0,"href":"https:\/\/derechodeltrabajo.umh.es\/ca\/wp-json\/wp\/v2\/posts\/15\/revisions"}],"wp:attachment":[{"href":"https:\/\/derechodeltrabajo.umh.es\/ca\/wp-json\/wp\/v2\/media?parent=15"}],"wp:term":[{"taxonomy":"category","embeddable":true,"href":"https:\/\/derechodeltrabajo.umh.es\/ca\/wp-json\/wp\/v2\/categories?post=15"},{"taxonomy":"post_tag","embeddable":true,"href":"https:\/\/derechodeltrabajo.umh.es\/ca\/wp-json\/wp\/v2\/tags?post=15"}],"curies":[{"name":"wp","href":"https:\/\/api.w.org\/{rel}","templated":true}]}}